{"id":2299,"date":"2025-12-01T10:03:23","date_gmt":"2025-12-01T09:03:23","guid":{"rendered":"https:\/\/stpierre-fondation.be\/?p=2299"},"modified":"2025-12-01T15:01:37","modified_gmt":"2025-12-01T14:01:37","slug":"de-koning-bezoekt-de-spoedeisende-hulp-van-het-universitair-ziekenhuis-saint-pierre-in-brussel","status":"publish","type":"post","link":"https:\/\/stpierre-fondation.be\/nl\/le-roi-visite-le-service-des-urgences-du-chu-saint-pierre-a-bruxelles\/","title":{"rendered":"De Koning bezoekt de spoeddienst van het Universitair Ziekenhuis Saint-Pierre in Brussel"},"content":{"rendered":"<p><em>Zijne Majesteit Koning Filip bracht onlangs een bezoek aan de spoeddienst van het Universitair Ziekenhuis Saint-Pierre in Brussel, een essenti\u00eble instelling in het netwerk van eerstelijnszorg in de hoofdstad.<\/em><\/p>\n\n\n\n<p><em>Wij zijn bijzonder vereerd dat de Stichting daar vertegenwoordigd was door onze voorzitter en een bestuurder, om onze concrete steun aan dit strategische ziekenhuis te onderstrepen. De aanwezigheid van Hare Majesteit werd zeer gewaardeerd: zij getuigt van het belang van de missie van het CHU Saint-Pierre in een complexe stedelijke context.<\/em><\/p>\n\n\n\n<p><em>Het is ook belangrijk om te benadrukken dat het CHU Saint-Pierre onlangs een certificering als \u201cSupraregionaal Traumacentrum van niveau 1\u201d heeft behaald van de DGU, de belangrijkste Europese vereniging voor traumatologie. Deze onderscheiding erkent de uitmuntendheid van de instelling in de behandeling van ernstige verwondingen \u2013 valpartijen, agressie, ongevallen \u2013 24 uur per dag, 7 dagen per week.<\/em> <\/p>\n\n\n\n<p><em>Tijdens zijn bezoek volgde de Koning het typische traject van een pati\u00ebnt die op de spoedafdeling wordt opgenomen en werd hij ge\u00efnformeerd over de uitdagingen waarmee het ziekenhuis wordt geconfronteerd op het gebied van geestelijke gezondheid, kwetsbaarheid en stedelijk geweld. Hij sprak ook met verschillende professionals uit het veld, artsen en verpleegkundigen, over de dagelijkse realiteit van hun werk.<\/em><\/p>\n\n\n\n<p><em>De Stichting bevestigt vandaag opnieuw haar engagement: wij zullen het UVC Sint-Pieter actief ondersteunen bij zijn herinrichtingsprojecten. Deze steun past in ons streven om bij te dragen aan moderne ziekenhuisinfrastructuren die voldoen aan de eisen van een Trauma Center van zeer hoog niveau en die op duurzame wijze kunnen voorzien in de behoeften van de Brusselse pati\u00ebnten.<\/em><\/p>\n\n\n\n<div class=\"wp-block-buttons is-layout-flex wp-block-buttons-is-layout-flex\">\n<div class=\"wp-block-button\"><a class=\"wp-block-button__link has-blanc-100-color has-principal-background-color has-text-color has-background has-link-color wp-element-button\" href=\"https:\/\/bx1.be\/categories\/news\/le-roi-visite-le-service-des-urgences-du-chu-saint-pierre-a-bruxelles\/\">artikel lezen<\/a><\/div>\n<\/div>\n\n\n\n<p><\/p>","protected":false},"excerpt":{"rendered":"<p>Sa Majest\u00e9 le Roi Philippe a r\u00e9cemment visit\u00e9 le service des urgences du Centre Hospitalier Universitaire (CHU) Saint-Pierre \u00e0 Bruxelles, un \u00e9tablissement essentiel dans le maillage des soins de premi\u00e8re ligne dans la capitale. Nous sommes particuli\u00e8rement honor\u00e9s que la Fondation y ait \u00e9t\u00e9 repr\u00e9sent\u00e9e, par notre pr\u00e9sident et un administrateur, afin de marquer notre [&hellip;]<\/p>","protected":false},"author":1,"featured_media":2301,"comment_status":"closed","ping_status":"closed","sticky":false,"template":"","format":"standard","meta":{"_acf_changed":false,"_seopress_robots_primary_cat":"","_seopress_titles_title":"","_seopress_titles_desc":"","_seopress_robots_index":"","footnotes":""},"categories":[24],"tags":[],"class_list":["post-2299","post","type-post","status-publish","format-standard","has-post-thumbnail","hentry","category-presse"],"acf":[],"_links":{"self":[{"href":"https:\/\/stpierre-fondation.be\/nl\/wp-json\/wp\/v2\/posts\/2299","targetHints":{"allow":["GET"]}}],"collection":[{"href":"https:\/\/stpierre-fondation.be\/nl\/wp-json\/wp\/v2\/posts"}],"about":[{"href":"https:\/\/stpierre-fondation.be\/nl\/wp-json\/wp\/v2\/types\/post"}],"author":[{"embeddable":true,"href":"https:\/\/stpierre-fondation.be\/nl\/wp-json\/wp\/v2\/users\/1"}],"replies":[{"embeddable":true,"href":"https:\/\/stpierre-fondation.be\/nl\/wp-json\/wp\/v2\/comments?post=2299"}],"version-history":[{"count":4,"href":"https:\/\/stpierre-fondation.be\/nl\/wp-json\/wp\/v2\/posts\/2299\/revisions"}],"predecessor-version":[{"id":2309,"href":"https:\/\/stpierre-fondation.be\/nl\/wp-json\/wp\/v2\/posts\/2299\/revisions\/2309"}],"wp:featuredmedia":[{"embeddable":true,"href":"https:\/\/stpierre-fondation.be\/nl\/wp-json\/wp\/v2\/media\/2301"}],"wp:attachment":[{"href":"https:\/\/stpierre-fondation.be\/nl\/wp-json\/wp\/v2\/media?parent=2299"}],"wp:term":[{"taxonomy":"category","embeddable":true,"href":"https:\/\/stpierre-fondation.be\/nl\/wp-json\/wp\/v2\/categories?post=2299"},{"taxonomy":"post_tag","embeddable":true,"href":"https:\/\/stpierre-fondation.be\/nl\/wp-json\/wp\/v2\/tags?post=2299"}],"curies":[{"name":"wp","href":"https:\/\/api.w.org\/{rel}","templated":true}]}}